{"id":83,"date":"2015-01-06T10:30:21","date_gmt":"2015-01-06T09:30:21","guid":{"rendered":"https:\/\/chateletdejayac.com\/miladiou\/?p=83"},"modified":"2024-11-15T16:48:04","modified_gmt":"2024-11-15T15:48:04","slug":"la-formigueta","status":"publish","type":"post","link":"https:\/\/chateletdejayac.com\/jaiacs\/2015\/01\/06\/la-formigueta\/","title":{"rendered":"La formigueta"},"content":{"rendered":"\n<p>Publi\u00e9 : 2008-12-07<\/p>\n\n\n\n<hr class=\"wp-block-separator has-alpha-channel-opacity\"\/>\n\n\n\n<figure class=\"wp-block-audio\"><audio controls src=\"https:\/\/chateletdejayac.com\/jaiacs\/wp-content\/uploads\/sites\/8\/2015\/01\/la_formigueta.mp3\"><\/audio><\/figure>\n\n\n\n<h2 class=\"wp-block-heading\"><span style=\"text-decoration: underline;\">La formigueta <\/span><\/h2>\n\n\n\n<p><strong><span style=\"text-decoration: underline;\">exercici oral de compreneson <\/span><\/strong><\/p>\n\n\n\n<p><strong><span style=\"text-decoration: underline;\">1- a qual \u00e8ran o son destinadas las faulas, fauletas o continas come \u00ab la paure formigueta \u00bb? donatz un exemple de raconte de faulas, fauletas o contina, qual, quora, cossi, e perqu\u00e9 ne contar ?<\/span><\/strong><br>Las faulas \u00e8ran destinadas a tot lo mond e mai que mai als enfants per lor aprene la saviesa, la patien\u00e7a, e lo fach que n&#8217;i a pas totjorn de responsas o de solucions als probl\u00e8mas de la vita.<\/p>\n\n\n\n<p>La graula e lo renard es una faula de la Fontaine escricha al s\u00e8gle XVII : lo renard blandis la graula que ne se sentissent pus de gaug daissa son formatge tombar dins la gola del renard pro content.<\/p>\n\n\n\n<p>Lo blandiment p\u00f2t menar sus dels camins perilh\u00f3s. Es pro util de l&#8217;aprene als petits e als grands.<\/p>\n\n\n\n<p><strong><span style=\"text-decoration: underline;\">2-Explicatz en una frasa coss\u00ed es bastida aquela fauleta de la \u00ab paura formigueta \u00bb :<\/span><\/strong><\/p>\n\n\n\n<p>La formigueta encontra diferents \u201cpersonatges\u201d que tots li disen que lo seguent far\u00e0 melh qu&#8217;el.<\/p>\n\n\n\n<p>&nbsp;<\/p>\n\n\n\n<p><strong><span style=\"text-decoration: underline;\">exercici oral : contatz una o doas fauletas se ne coneiss\u00e8tz <\/span><\/strong><\/p>\n\n\n\n<p>un elefant que se bran\u00e7olava<br>sus una t\u00e8la t\u00e8la t\u00e8la,<br>t\u00e8la d&#8217;aranha<br>e trobava aquel j\u00f2c talament amusant<br>que s&#8217;en an\u00e8t qu\u00e8rre un segond elefant<\/p>\n\n\n\n<p>doas elefants que se bran\u00e7olavan<br>sus una t\u00e8la t\u00e8la t\u00e8la,<br>t\u00e8la d&#8217;aranha<br>e trobavavan aquel j\u00f2c talament amusant<br>que s&#8217;en an\u00e8ren qu\u00e8rre un tr\u00e8sen elefant<\/p>\n\n\n\n<p>tr\u00e8s elefants que se bran\u00e7olavan<br>sus una t\u00e8la t\u00e8la t\u00e8la,<br>t\u00e8la d&#8217;aranha<br>e trobavan aquel j\u00f2c talament amusant<br>que s&#8217;en an\u00e8ren qu\u00e8rre un quatren elefant<\/p>\n\n\n\n<p>quatre elefants que se bran\u00e7olavan<br>sus una t\u00e8la t\u00e8la t\u00e8la,<br>t\u00e8la d&#8217;aranha<br>e trobavavan aquel j\u00f2c talament amusant<br>que la t\u00e8la criqu\u00e8t<br>e patratrac BOUM !<\/p>\n\n\n\n<p><span style=\"text-decoration: underline;\"><strong>exercici gramatical<\/strong><\/span><\/p>\n\n\n\n<p>1.<\/p>\n\n\n\n<ol class=\"wp-block-list\">\n<li>qual ne demor\u00e8t pas un briu ? (\u201cqu\u00fa\u201d en p\u00e9rig\u00f2rd)<\/li>\n\n\n\n<li>que qu\u00f2 es que er\u00e0 plen de vari\u00e7as ?<\/li>\n\n\n\n<li>qual son filh an\u00e8t qu\u00e8rre ?<\/li>\n\n\n\n<li>quora la veg\u00e8rem debarcar ?<\/li>\n\n\n\n<li>dumpu\u00e8i quora caminava ?<\/li>\n\n\n\n<li>amb qual jogava ?<\/li>\n\n\n\n<li>quantas de vacas veg\u00e8rem ?<\/li>\n<\/ol>\n\n\n\n<p>2.<\/p>\n\n\n\n<ol class=\"wp-block-list\">\n<li>auriam volgut que veng\u00e8ssetz al mercat amb nosautres<\/li>\n\n\n\n<li>li auri\u00e1 agradat que li cant\u00e8ssem la can\u00e7on del \u201cpont mirab\u00e8l\u201d<\/li>\n\n\n\n<li>auri\u00e1m mai estimat que margarida culhigu\u00e8sse de flors salvatjas<\/li>\n\n\n\n<li>auri\u00e1i volgut que los joves causigu\u00e8sson d&#8217;anar al cinem\u00e0 pusl\u00e8u qu&#8217;al caf\u00e8<\/li>\n\n\n\n<li>auri\u00e1n mai estimat que te bat\u00e8sses contra los jogaires de l&#8217;autra equipa<\/li>\n\n\n\n<li>nos auri\u00e1 plan agradat que la familha nos port\u00e8sse un bon vin de gascoha pusl\u00e8u qu&#8217;un flascon de perfum Chanel.<\/li>\n<\/ol>\n","protected":false},"excerpt":{"rendered":"<p>Publi\u00e9 : 2008-12-07 La formigueta exercici oral de compreneson 1- a qual \u00e8ran o son destinadas las faulas, fauletas o continas come \u00ab la paure formigueta \u00bb? donatz un exemple de raconte de faulas, fauletas o contina, qual, quora, cossi, e perqu\u00e9 ne contar ?Las faulas \u00e8ran destinadas a tot lo mond e mai que [&hellip;]<\/p>\n","protected":false},"author":1,"featured_media":0,"comment_status":"closed","ping_status":"open","sticky":false,"template":"","format":"aside","meta":{"footnotes":""},"categories":[2,4],"tags":[],"class_list":["post-83","post","type-post","status-publish","format-aside","hentry","category-podcast","category-text","post_format-post-format-aside"],"_links":{"self":[{"href":"https:\/\/chateletdejayac.com\/jaiacs\/wp-json\/wp\/v2\/posts\/83","targetHints":{"allow":["GET"]}}],"collection":[{"href":"https:\/\/chateletdejayac.com\/jaiacs\/wp-json\/wp\/v2\/posts"}],"about":[{"href":"https:\/\/chateletdejayac.com\/jaiacs\/wp-json\/wp\/v2\/types\/post"}],"author":[{"embeddable":true,"href":"https:\/\/chateletdejayac.com\/jaiacs\/wp-json\/wp\/v2\/users\/1"}],"replies":[{"embeddable":true,"href":"https:\/\/chateletdejayac.com\/jaiacs\/wp-json\/wp\/v2\/comments?post=83"}],"version-history":[{"count":2,"href":"https:\/\/chateletdejayac.com\/jaiacs\/wp-json\/wp\/v2\/posts\/83\/revisions"}],"predecessor-version":[{"id":124,"href":"https:\/\/chateletdejayac.com\/jaiacs\/wp-json\/wp\/v2\/posts\/83\/revisions\/124"}],"wp:attachment":[{"href":"https:\/\/chateletdejayac.com\/jaiacs\/wp-json\/wp\/v2\/media?parent=83"}],"wp:term":[{"taxonomy":"category","embeddable":true,"href":"https:\/\/chateletdejayac.com\/jaiacs\/wp-json\/wp\/v2\/categories?post=83"},{"taxonomy":"post_tag","embeddable":true,"href":"https:\/\/chateletdejayac.com\/jaiacs\/wp-json\/wp\/v2\/tags?post=83"}],"curies":[{"name":"wp","href":"https:\/\/api.w.org\/{rel}","templated":true}]}}