{"id":78,"date":"2015-01-06T10:25:33","date_gmt":"2015-01-06T09:25:33","guid":{"rendered":"https:\/\/chateletdejayac.com\/miladiou\/?p=78"},"modified":"2024-11-15T16:49:08","modified_gmt":"2024-11-15T15:49:08","slug":"los-darriers-de-lobaterras-de-joan-ganhaire","status":"publish","type":"post","link":"https:\/\/chateletdejayac.com\/jaiacs\/2015\/01\/06\/los-darriers-de-lobaterras-de-joan-ganhaire\/","title":{"rendered":"Los darri\u00e8rs de Lobaterras de Joan Ganhaire"},"content":{"rendered":"\n<p>Publi\u00e9 : 2008-12-07<\/p>\n\n\n\n<hr class=\"wp-block-separator has-alpha-channel-opacity\"\/>\n\n\n\n<p>Fica de lectura : \u201clo darri\u00e8r daus lobaterras\u201d<\/p>\n\n\n\n<p>de joan ganhaire<\/p>\n\n\n\n<p>1) Lo quadre<\/p>\n\n\n\n<p>\u00ab Lo darri\u00e8r daus lobaterras \u00bb, roman de l&#8217;autor peireg\u00f2rdin contemporan\u00e8u Joan Ganhaire, fugu\u00e8t escrich en 1987.<\/p>\n\n\n\n<p>L&#8217;avantprepaus e la p\u00f2stfaci serven de quadre al retrait : a la dubertura e a la barradura, qu\u00f2 es l&#8217;autor que parla directament : \u00ab que ieu me vengu\u00e8s establir medecin \u00bb ( son mestier).<\/p>\n\n\n\n<p>Aloga lo lu\u00f2c en Peireg\u00f2rd, onte viu e que coneisse dumpei longtemps, a costat del priorat de Merlanda e de son cementeri. Cerca a\u00eftal a balhar una tonalitat f\u00f2r\u00e7a realista.<\/p>\n\n\n\n<p>Fa semblant de balan\u00e7ar a dire son secret, per trapar l&#8217;atencion del legeire. Decide enfin de z&#8217;o dire : a trobat daus parjamins dins lo cementeri.<\/p>\n\n\n\n<p>L&#8217;autor presenta Joan de l&#8217;Arribiera, queu qu&#8217;a escrich tot lo recit seguent. A la fin de l&#8217;avantprepaus, lo legeire es ja plan interessat per tot quel mist\u00e8ri.<\/p>\n\n\n\n<p>2)los lu\u00f2cs<\/p>\n\n\n\n<p>o narrator, en focalisacion int\u00e8rna, es lo Joan de l&#8217;Arribiera : l&#8217;accion s&#8217;aloga sus lo meteis lu\u00f2c presentat en prumi\u00e8r per l&#8217;autor : a costat del Priorat, i avi\u00e1 un vilatge a la fin del s\u00e8gle XII, Lobaterra, que n&#8217;existis pus u\u00e8i.<\/p>\n\n\n\n<p>Insistis en prumi\u00e8r sus la for\u00e8st a l&#8217;entorn, que es un l\u00f2c pro important, per que los \u00f2mes s&#8217;i baten per desbosigar e cultivar la terra. Las descripcions de la for\u00e8st ne balhen pas l&#8217;image d&#8217;un lu\u00f2c maudich ; qu\u00f2 es la pr\u00e9sencia dels lops que la renda malefica : es descricha d&#8217;un biais obj\u00e8ctiu, sens adj\u00e8ctiu negatiu, manca qualques castanhs bescornuts.<\/p>\n\n\n\n<p>Trobem aital un unitat de lu\u00f2c dins la prumi\u00e8ra partida : l&#8217;accion se debana dins lo vilatge e dins la forest, lo mai sovent def\u00f2ra dins la natura salvatga.<\/p>\n\n\n\n<p>Dins la segonda partida del retrait, l&#8217;accion montra lo viatge en Orient , per las crosadas. Entre la mar e lo sable, ves\u00e8m un autre natura salvatga tanben, nuda e violenta.<\/p>\n\n\n\n<p>Lo retorn al vilatge a la fin del roman marca lo c\u00e8ucle que se t\u00f2rna barrar, coma l&#8217;ist\u00f2ria.<\/p>\n\n\n\n<p>3) lo temps<\/p>\n\n\n\n<p>L&#8217;accion se debana a la fin del s\u00e8gle XII e qu\u00f2 es l&#8217;ist\u00f2ria d&#8217;una vita dins sa cronologia.<\/p>\n\n\n\n<p>Lo narrator escriu a la fin de sa vita : l&#8217;ist\u00f2ria comen\u00e7a abans sa naissan\u00e7a, del temps del grand paire d&#8217;Arnaud, lo companh de Joan.<\/p>\n\n\n\n<p>Lo Joan parla d&#8217;un secret \u00ab tr\u00f2p pesant \u00bb que li cal escriure. Raconta \u00e7\u00f2 que los vielhs dison dins lo pa\u00efs sus la orrors comesas per los lops e tots lo mond que an tuats. S\u00e8m enquera dins la presentacion.<\/p>\n\n\n\n<p>Lo temps f\u00f2rt es l&#8217;enfan\u00e7a de Joan e Arnaud : la sc\u00e8na de la descob\u00e8rta del libre secret e la disparicion d&#8217;Arnaud.<\/p>\n\n\n\n<p>L&#8217;autre moment important es lo viatge en orient que dura dos ans : Joan e son amic an alora vint ans.<\/p>\n\n\n\n<p>La fin del retrait p\u00f2rta sus la m\u00f2rt d&#8217;Arnaud son retorn e dura una nu\u00e8ch.<\/p>\n\n\n\n<p>L&#8217;atge adulte es un pauc escafat.<\/p>\n\n\n\n<p>Joan insistis a la fin sus sa dificultat a viure tot lo restant de sa vita.<\/p>\n\n\n\n<p>Los temps utilisats son d&#8217;abord l&#8217;imparfait, lo passat simple, lo passat compausat e lo plus que perfach.<\/p>\n\n\n\n<p>4) lo raconte<\/p>\n\n\n\n<p>l&#8217;intriga es dins la malediccion portada sus Arnaud qui se trasforma en lop : lo narrator manten lo suspens tot lo long parlant de secret, de misteri, d&#8217;orror sans desvelar lo fon. S\u00e8m dins un&#8217;\u00f2bra fantastica ont lo diable e l&#8217;\u00f2me cambian de r\u00f2tles.<\/p>\n\n\n\n<p>Ves\u00e8m un t\u00e8ma de progression constante : las orrors comesas per los lops reporgissent lo diable : qu\u00f2 t\u00f2rna mai que mai dins lo roman ; los c\u00f2rs minjats, la paur son de t\u00e8mas recurents que mant\u00e9nen la tension.<\/p>\n\n\n\n<p>5 ) Los personatges<\/p>\n\n\n\n<p>lo narrator es un dels personatges del roman : manca quora conta de las legendas, Joan es dins l&#8217;accion (intradiegetic) : emplega lo \u201cieu\u201d tot lo temps ; obs\u00e8rva tanben las situacions d&#8217;endef\u00f2ra e ne sembla pas devinar c\u00f2p-sec \u00e7\u00f2 que arriba a son ami.<\/p>\n\n\n\n<p>Av\u00e8m nonmas lo punt de vista de Joan ; qu\u00f2 es per son biais que ves\u00e8m \u00e7\u00f2 que Arnaud o los autres pensan : p\u00f2t \u00e8sser omniscient, mas sovent ne compren pas lo comportament de son amic<\/p>\n\n\n\n<p>Joan s&#8217;adrei\u00e7a sovent a l&#8217;Arnaud dins un estil indir\u00e8ct : \u201ct&#8217;avi\u00e1 tornat sus ton liech\u201d, subretot dins las sc\u00e8nas ont se trasforma en lop.<\/p>\n\n\n\n<p>Aital, los dos amics comunican pauc e semblan sovent estrangi\u00e8rs l&#8217;un a l&#8217;autre, \u00e7aquel\u00e0 lor amigan\u00e7a \u00e8 vertadi\u00e8ra. Arnaud sembla mai que mai estrangi\u00e8r als autres.<\/p>\n\n\n\n<p>Los dial\u00f2gs entre los personatges son demesits al minimum. Joan m\u00e8na un monol\u00f2g tot lo long del raconte.<\/p>\n\n\n\n<p>Qu\u00f2 es sovent daus gropes que actan : los gropes dels ca\u00e7aires, dels lops, dels sodards, dels vilatgeses.<\/p>\n\n\n\n<p>L&#8217;\u00e9roi \u00e8 Arnaud que p\u00f2rta la malediccion.<\/p>\n\n\n\n<p>lo grand lop gris \u00e8 tanben un personatge segondari plan important, reporgissant l&#8217;image del diable, e que pareis d&#8217;un biais recurrent.<\/p>\n\n\n\n<p>Lo paire d&#8217;Arnaud \u00e8 plen de saviesa e reporgis la patz.<\/p>\n\n\n\n<p>Lo monge p\u00f2rta lo saber, lo secret e reporgis lo simb\u00f2l religi\u00f3s en oposicion amb lo diable e la malediccion dels lops.<\/p>\n","protected":false},"excerpt":{"rendered":"<p>Publi\u00e9 : 2008-12-07 Fica de lectura : \u201clo darri\u00e8r daus lobaterras\u201d de joan ganhaire 1) Lo quadre \u00ab Lo darri\u00e8r daus lobaterras \u00bb, roman de l&#8217;autor peireg\u00f2rdin contemporan\u00e8u Joan Ganhaire, fugu\u00e8t escrich en 1987. L&#8217;avantprepaus e la p\u00f2stfaci serven de quadre al retrait : a la dubertura e a la barradura, qu\u00f2 es l&#8217;autor que [&hellip;]<\/p>\n","protected":false},"author":1,"featured_media":0,"comment_status":"closed","ping_status":"open","sticky":false,"template":"","format":"aside","meta":{"footnotes":""},"categories":[4],"tags":[],"class_list":["post-78","post","type-post","status-publish","format-aside","hentry","category-text","post_format-post-format-aside"],"_links":{"self":[{"href":"https:\/\/chateletdejayac.com\/jaiacs\/wp-json\/wp\/v2\/posts\/78","targetHints":{"allow":["GET"]}}],"collection":[{"href":"https:\/\/chateletdejayac.com\/jaiacs\/wp-json\/wp\/v2\/posts"}],"about":[{"href":"https:\/\/chateletdejayac.com\/jaiacs\/wp-json\/wp\/v2\/types\/post"}],"author":[{"embeddable":true,"href":"https:\/\/chateletdejayac.com\/jaiacs\/wp-json\/wp\/v2\/users\/1"}],"replies":[{"embeddable":true,"href":"https:\/\/chateletdejayac.com\/jaiacs\/wp-json\/wp\/v2\/comments?post=78"}],"version-history":[{"count":1,"href":"https:\/\/chateletdejayac.com\/jaiacs\/wp-json\/wp\/v2\/posts\/78\/revisions"}],"predecessor-version":[{"id":126,"href":"https:\/\/chateletdejayac.com\/jaiacs\/wp-json\/wp\/v2\/posts\/78\/revisions\/126"}],"wp:attachment":[{"href":"https:\/\/chateletdejayac.com\/jaiacs\/wp-json\/wp\/v2\/media?parent=78"}],"wp:term":[{"taxonomy":"category","embeddable":true,"href":"https:\/\/chateletdejayac.com\/jaiacs\/wp-json\/wp\/v2\/categories?post=78"},{"taxonomy":"post_tag","embeddable":true,"href":"https:\/\/chateletdejayac.com\/jaiacs\/wp-json\/wp\/v2\/tags?post=78"}],"curies":[{"name":"wp","href":"https:\/\/api.w.org\/{rel}","templated":true}]}}