{"id":73,"date":"2015-01-06T10:21:35","date_gmt":"2015-01-06T09:21:35","guid":{"rendered":"https:\/\/chateletdejayac.com\/miladiou\/?p=73"},"modified":"2024-11-15T16:57:03","modified_gmt":"2024-11-15T15:57:03","slug":"lo-teatre-del-capitoli","status":"publish","type":"post","link":"https:\/\/chateletdejayac.com\/jaiacs\/2015\/01\/06\/lo-teatre-del-capitoli\/","title":{"rendered":"Lo teatre del capit\u00f2li"},"content":{"rendered":"\n<p>Publi\u00e9 : 2008-12-07<\/p>\n\n\n\n<hr class=\"wp-block-separator has-alpha-channel-opacity\"\/>\n\n\n\n<figure class=\"wp-block-audio\"><audio controls src=\"https:\/\/chateletdejayac.com\/jaiacs\/wp-content\/uploads\/sites\/8\/2015\/01\/lo_capitoli.mp3\"><\/audio><\/figure>\n\n\n\n<p class=\"has-large-font-size\">Un bastiment fam\u00f3s, lo teatre del Capit\u00f2li (pagina 20)<\/p>\n\n\n\n<p><span style=\"text-decoration: underline;\"> 1) quantas salas e quantas renovacions i a agudas dempu\u00e8i la creacion de la primi\u00e8ra sala pr\u00e8p del canton del pert\u00e8rra del capit\u00f2li ?<\/span><\/p>\n\n\n\n<p>I a agut tres salas : la Comedia, la Sala del J\u00f2c de l&#8217;espectacle, la sala nov\u00e8la de 1950.<\/p>\n\n\n\n<p>la prumi\u00e8ra renovaccion fuguet las l\u00f2tjas dins las galari\u00e1s al s\u00e8gle XIX, pu\u00e8i la renovacion de 1880, quala de 1950, de 1974 et de 1996 : qu\u00f2 fa cinc.<br><span style=\"text-decoration: underline;\"> 2) quinas decoracions i a agudas al s\u00e8gle XIX, quora e per qual fogu\u00e8ron realisadas ?<\/span><\/p>\n\n\n\n<p>la pintradura neo-bar\u00f2ca fuguet realisada per Benezet sus la Cop\u00f2la en 1880.<br><span style=\"text-decoration: underline;\">3) Descriuretz un bastiment o pargue o monument public d&#8217;occitania o d&#8217;endac\u00f2m mai e ne faretz un cort istoric.<\/span><\/p>\n\n\n\n<p>La Maison de La Boetie a Sarlat es plan coneguda per ess\u00e8r lo lu\u00f2c de naissan\u00e7a del po\u00e8ta al s\u00e8gle XVI.<\/p>\n\n\n\n<p>Qu\u00f2 es una bastisssa estrecha, nauta, amb de las fenestras e de las escalpraduras renaissan\u00e7as sus las doas faciadas.<\/p>\n\n\n\n<p>La teulada es ponchuda e tota en lausas.<\/p>\n\n\n\n<p>Darri\u00e8r, i a tot plen de pitas corts, d&#8217;escali\u00e8rs, d&#8217;arcadas.<\/p>\n\n\n\n<p>Sus la granda faciada, li vesem l&#8217;escriveson : \u00ab per que qu&#8217;\u00e8ra el, per que qu&#8217;\u00e8ra i\u00f2 \u00bb signe de son amistat amb Montaigne.<\/p>\n\n\n\n<p>U\u00e8i, qu\u00f2 es devengut la Cambra de Com\u00e8rci de Sarlat.<\/p>\n\n\n\n<p><span style=\"text-decoration: underline;\"><strong>4) Exercici gramatical <\/strong><\/span><\/p>\n\n\n\n<p><span style=\"text-decoration: underline;\"> reviratz en faguent atencion a la concord\u00e0ncia dels temps :<\/span><\/p>\n\n\n\n<p>Antan, auriam gardat las fedas a costat dels b\u00f2scs sorns, e auriam agut paur dels lops.<\/p>\n\n\n\n<p>Qual nos siri\u00e1 vengut qu\u00e8rre per nos menar al restaurant, se nos aviatz oblidats ?<\/p>\n\n\n\n<p>Los drollets auran enveja de presents per Nadal. Lor triga totjorn d&#8217;arribar a Nadal.<\/p>\n\n\n\n<p>Auri\u00e1i cregut que ne podri\u00e1i pas comprener l&#8217;occitan, pasmens qu\u00f2 es una lenga clara per qual l&#8217;escota ben.<\/p>\n","protected":false},"excerpt":{"rendered":"<p>Publi\u00e9 : 2008-12-07 Un bastiment fam\u00f3s, lo teatre del Capit\u00f2li (pagina 20) 1) quantas salas e quantas renovacions i a agudas dempu\u00e8i la creacion de la primi\u00e8ra sala pr\u00e8p del canton del pert\u00e8rra del capit\u00f2li ? I a agut tres salas : la Comedia, la Sala del J\u00f2c de l&#8217;espectacle, la sala nov\u00e8la de 1950. [&hellip;]<\/p>\n","protected":false},"author":1,"featured_media":0,"comment_status":"closed","ping_status":"open","sticky":false,"template":"","format":"aside","meta":{"footnotes":""},"categories":[2,4],"tags":[],"class_list":["post-73","post","type-post","status-publish","format-aside","hentry","category-podcast","category-text","post_format-post-format-aside"],"_links":{"self":[{"href":"https:\/\/chateletdejayac.com\/jaiacs\/wp-json\/wp\/v2\/posts\/73","targetHints":{"allow":["GET"]}}],"collection":[{"href":"https:\/\/chateletdejayac.com\/jaiacs\/wp-json\/wp\/v2\/posts"}],"about":[{"href":"https:\/\/chateletdejayac.com\/jaiacs\/wp-json\/wp\/v2\/types\/post"}],"author":[{"embeddable":true,"href":"https:\/\/chateletdejayac.com\/jaiacs\/wp-json\/wp\/v2\/users\/1"}],"replies":[{"embeddable":true,"href":"https:\/\/chateletdejayac.com\/jaiacs\/wp-json\/wp\/v2\/comments?post=73"}],"version-history":[{"count":2,"href":"https:\/\/chateletdejayac.com\/jaiacs\/wp-json\/wp\/v2\/posts\/73\/revisions"}],"predecessor-version":[{"id":131,"href":"https:\/\/chateletdejayac.com\/jaiacs\/wp-json\/wp\/v2\/posts\/73\/revisions\/131"}],"wp:attachment":[{"href":"https:\/\/chateletdejayac.com\/jaiacs\/wp-json\/wp\/v2\/media?parent=73"}],"wp:term":[{"taxonomy":"category","embeddable":true,"href":"https:\/\/chateletdejayac.com\/jaiacs\/wp-json\/wp\/v2\/categories?post=73"},{"taxonomy":"post_tag","embeddable":true,"href":"https:\/\/chateletdejayac.com\/jaiacs\/wp-json\/wp\/v2\/tags?post=73"}],"curies":[{"name":"wp","href":"https:\/\/api.w.org\/{rel}","templated":true}]}}