{"id":70,"date":"2015-01-06T10:18:36","date_gmt":"2015-01-06T09:18:36","guid":{"rendered":"https:\/\/chateletdejayac.com\/miladiou\/?p=70"},"modified":"2024-11-15T16:57:48","modified_gmt":"2024-11-15T15:57:48","slug":"una-figuiera-per-cacola","status":"publish","type":"post","link":"https:\/\/chateletdejayac.com\/jaiacs\/2015\/01\/06\/una-figuiera-per-cacola\/","title":{"rendered":"Una figui\u00e8ra per Ca\u00e7ola"},"content":{"rendered":"\n<p>Publi\u00e9 : 2008-12-07<\/p>\n\n\n\n<hr class=\"wp-block-separator has-alpha-channel-opacity\"\/>\n\n\n\n<p><strong><span style=\"text-decoration: underline;\">I-la nov\u00e8la se debana dins un cadre amb de constrenchas fortas al niv\u00e8l del temps e de l&#8217;espaci<\/span><\/strong><\/p>\n\n\n\n<p>Aquela nov\u00e8la se debana pendent la meitat d&#8217;una nu\u00e8ch ; lo raconte comen\u00e7a coma aqu\u00f2 :\u00ab de quatre oras e mi\u00e8ja \u00bb e de mai, precisa : \u00ab fa nu\u00f2ch encara \u00bb. L&#8217;ist\u00f2ria se fisn\u00eds apr\u00e8p lo levat del jorn : \u00ab lo solelh \u00e8ra adej\u00e0 naut \u00bb. Qu\u00f2 dura pas mai de 4 o 5 oras entre lo moment ont los vesins vengu\u00e8ron cercar lo metge e quora torn\u00e8t a son ostal.<\/p>\n\n\n\n<p>L&#8217;espaci e contengut dins lo vilatge, dumpei la camin que m\u00e8na de la maison del metge : \u00ab l&#8217;aut\u00f2 ronca do\u00e7ament e sembla que prenga sola los viradors \u00bb, al retorn, per lo meteis camin per tornar de chas Ca\u00e7ola, ont lo metge se plant\u00e8t sus \u00ab un camin boscatier \u00bb per se repausar e soscar. I a pas mai de qualques quilom\u00e8tres de percors.<\/p>\n\n\n\n<p><strong><span style=\"text-decoration: underline;\">II \u2013 la nov\u00e8la va contra la nocion d&#8217;er\u00f2i perque los personatges secondaris son pas aqui per metre en valor un personatge principal.<\/span><\/strong><\/p>\n\n\n\n<p>Trobem pas vertadi\u00e8rament un personatge principal : lo temps present nos mostra \u00e7o que viu lo metge dins son trabalh e sos sentiments davant la realitat de la m\u00f2rt, mas ne par\u00e9is pas coma un er\u00f2i ; la vita passada de Ca\u00e7\u00f2la nos \u00e8 contada, mas apareis pusle\u00f9 coma un anti-er\u00f2i. Los autres personatges que son los vesins, la familha e los coll\u00e8gas de Ca\u00e7ola par\u00e9isson totjorn anorrits e ne b\u00f3tan pas en avan\u00e7 Ca\u00e7\u00f2la.<\/p>\n\n\n\n<p><strong><span style=\"text-decoration: underline;\">III \u2013 dins la nov\u00e8la, dins de situacions o\/e la vida d&#8217;un personatge p\u00f2don presentar de similituds<\/span><\/strong><\/p>\n\n\n\n<p>lo metge e Ca\u00e7ola sentisson tots doas los elements : Ca\u00e7\u00f2la \u00ab aimava, sos la plu\u00f2ja, reversar la t\u00e8sta et reculhir sul morre los grans sarrats dels degots de l&#8217;auratge \u00bb ; lo metge, el \u00ab sentis la frescor de la nu\u00f2ch, per de ventolets qeu fan siblar la porti\u00e8ra \u00bb ; qu\u00f2 es pas lo meteis sentiment : Ca\u00e7ola prend un plaser sensual, per&#8217;aqu\u00f2 lo metge lo viu d&#8217;un biais exterior, tant se sent fatiguat.<\/p>\n\n\n\n<p>los vesins, a l&#8217;entorn de Ca\u00e7\u00f2la penjut, rapelan las c\u00f2las del trabalh dins las vinhas : ara \u00ab son amolonats \u00bb e \u00ab se calan \u00bb ; vesem aqu\u00ed la paur e la curiositat ; Ca\u00e7\u00f2la, quora fasi\u00e1 las vend\u00e9mias, se sentissi\u00e1 ben amb las c\u00f2las \u00ab eran sarrat aqu\u00ed dintre amb doas autras c\u00f2las. Eran ben. Ca\u00e7\u00f2la \u00e8ra coma ur\u00f3s \u00bb.<\/p>\n\n\n\n<p>la solitud e lo desper del medecin e de Ca\u00e7ola son botat en abima : lo metge a senti \u00ab lo fremin d&#8217;una soletat que res la podi\u00e1 pas apasimar \u00bb ; Ca\u00e7\u00f2la capit\u00e8t un jorn que jamai res vendri\u00e1 \u00bb. l&#8217;ansia fugu\u00e8t tojorn presenta dins lurs vitas.<\/p>\n\n\n\n<p>Ca\u00e7\u00f2la a agut la meteissa reactage que son fraire davant la mort : Ca\u00e7\u00f2la avi\u00e1 \u00ab l&#8217;aiga del u\u00f2lhs que regolajava dins los r\u00e8cs, color de terra, d&#8217;aquela cara \u00ab, e lo fraire davant Ca\u00e7\u00f2la penjut, a \u00ab l&#8217;aiga raja de sos u\u00f2lhs do\u00e7ament, long dels r\u00e8cs prigonds de sa cara color de teule \u00bb. Los elements, aqu\u00ed l&#8217;aiga, se mesclan als cors, a la terra.<\/p>\n\n\n\n<p>L&#8217;image de la mandra que \u00e8 penjat coma Ca\u00e7\u00f2la \u00e8 plan f\u00f2rta : \u00ab vei subran una pich\u00f2ta figui\u00e8ra, penjat a la sola branca, lo c\u00f2r long d&#8217;una mandra \u00bb ; la mandra \u00e8 utilisada com&#8217;un leitmotiv tot du long com&#8217;un requiem per lo mort amb un imatge que torna dins la testa del metge e balha lo ritme al raconte.<\/p>\n\n\n\n<p>Lo metge a lo sentiment que la vita p\u00f2t s&#8217; arrestar coma quala de Ca\u00e7\u00f2la e se vei el tanben mort : \u00ab aquel image ont se p\u00f2t tanben destriar l&#8217;image avenidor de \u00e7o que serem \u00bb. Mas per lo metge, a la fin del raconte : \u00ab la vida crida son drech \u00bb(&#8230;) dins un essam de moscas blavas \u00bb.<\/p>\n\n\n\n<p><strong><span style=\"text-decoration: underline;\">IV \u2013 une nov\u00e8la m\u00f2stra las consequencias d&#8217;un eveniment sul narrator<\/span><\/strong><\/p>\n\n\n\n<p>La m\u00f2rt de Ca\u00e7ola pesa sus las espatlas del metge : l&#8217;a tojorn conegut e son del meteis village ; tots los moments del passat que an part\u00e9jat li tornan a la mem\u00f2ria e li balha lo sentiment de la freuletat de la vita. Lo metge vei sa pr\u00f2pria fin e sent\u00eds lo desper venir en el.<\/p>\n\n\n\n<p><strong><span style=\"text-decoration: underline;\">V \u2013 los trabals sus la psicologia an influen\u00e7at la nov\u00e8la e donc la nocion de temps e es subjectiva<\/span><\/strong><\/p>\n\n\n\n<p>Aquela nov\u00e8la passa de longa del present al passat : \u00ab lo metge s&#8217;\u00e8 rec\u00f2rda \u00bb, amb aquela pita frasa, p\u00f2t passar de la m\u00f2rt de Ca\u00e7\u00f2la, plan presenta, ad&#8217; aquela de son paure paire : las doas estan\u00e7as son alavetz botadas al meteis niv\u00e8l.<\/p>\n\n\n\n<p>A d&#8217;autres moments, lo metge sent\u00eds que la vita s&#8217;arresta : \u00ab semble que si\u00e1 dub\u00e8rt una fenestra sus un mond ont tot demoran coma \u00e8ra \u00bb. passat e present s&#8217;encontran en un ponch aplantat.<\/p>\n\n\n\n<p>Lo metge a lo sentiment que lo temps passa de nonent : \u00bb lo temps rajava, tr\u00f2p lent per son enveja \u00bb.<\/p>\n\n\n\n<p>Los sovenirs de la ca\u00e7a amb Ca\u00e7\u00f2la par\u00e9issen del temps present : lo ton \u00e8 viu e prec\u00eds e l&#8217;emplec del temps present ajuda a aquala empremida : \u00ab Ca\u00e7\u00f2la serv\u00eds las filhas. Mas demambra degun \u00bb. \u00ab de c\u00f2ps, la frotrolha lo pren(&#8230;), crida, ven roge(&#8230;) \u00bb<\/p>\n\n\n\n<p><strong><span style=\"text-decoration: underline;\">VI \u2013 la nov\u00e8la privilegia una lectura verticala fins a desturbar e interpelar lo legeire<\/span><\/strong><\/p>\n\n\n\n<p>lo temps present ont lo metge pren sa veitura, arriba a l&#8217;ostal, fa son trabalh et ajuda a portar Ca\u00e7ola, reporgis l&#8217;ossamente (sens rire) del raconte : quels moments perm\u00e9ton entre temps al metge de se rec\u00f2rdar tota la vita de Ca\u00e7ola : quora \u00e8ra jove, asulte et vielh.<\/p>\n\n\n\n<p>Lo metge p\u00f2t tanben daissar las pensadas tristas venir a son esperit. Los eveniments, los sentiments se mesclan aital tot lo long del raconte : aqu\u00f2 balha un suspens a l&#8217;ist\u00f2ria.<\/p>\n\n\n\n<p><\/p>\n","protected":false},"excerpt":{"rendered":"<p>Publi\u00e9 : 2008-12-07 I-la nov\u00e8la se debana dins un cadre amb de constrenchas fortas al niv\u00e8l del temps e de l&#8217;espaci Aquela nov\u00e8la se debana pendent la meitat d&#8217;una nu\u00e8ch ; lo raconte comen\u00e7a coma aqu\u00f2 :\u00ab de quatre oras e mi\u00e8ja \u00bb e de mai, precisa : \u00ab fa nu\u00f2ch encara \u00bb. L&#8217;ist\u00f2ria se [&hellip;]<\/p>\n","protected":false},"author":1,"featured_media":0,"comment_status":"closed","ping_status":"open","sticky":false,"template":"","format":"aside","meta":{"footnotes":""},"categories":[4],"tags":[],"class_list":["post-70","post","type-post","status-publish","format-aside","hentry","category-text","post_format-post-format-aside"],"_links":{"self":[{"href":"https:\/\/chateletdejayac.com\/jaiacs\/wp-json\/wp\/v2\/posts\/70","targetHints":{"allow":["GET"]}}],"collection":[{"href":"https:\/\/chateletdejayac.com\/jaiacs\/wp-json\/wp\/v2\/posts"}],"about":[{"href":"https:\/\/chateletdejayac.com\/jaiacs\/wp-json\/wp\/v2\/types\/post"}],"author":[{"embeddable":true,"href":"https:\/\/chateletdejayac.com\/jaiacs\/wp-json\/wp\/v2\/users\/1"}],"replies":[{"embeddable":true,"href":"https:\/\/chateletdejayac.com\/jaiacs\/wp-json\/wp\/v2\/comments?post=70"}],"version-history":[{"count":1,"href":"https:\/\/chateletdejayac.com\/jaiacs\/wp-json\/wp\/v2\/posts\/70\/revisions"}],"predecessor-version":[{"id":132,"href":"https:\/\/chateletdejayac.com\/jaiacs\/wp-json\/wp\/v2\/posts\/70\/revisions\/132"}],"wp:attachment":[{"href":"https:\/\/chateletdejayac.com\/jaiacs\/wp-json\/wp\/v2\/media?parent=70"}],"wp:term":[{"taxonomy":"category","embeddable":true,"href":"https:\/\/chateletdejayac.com\/jaiacs\/wp-json\/wp\/v2\/categories?post=70"},{"taxonomy":"post_tag","embeddable":true,"href":"https:\/\/chateletdejayac.com\/jaiacs\/wp-json\/wp\/v2\/tags?post=70"}],"curies":[{"name":"wp","href":"https:\/\/api.w.org\/{rel}","templated":true}]}}