{"id":59,"date":"2015-01-06T10:08:31","date_gmt":"2015-01-06T09:08:31","guid":{"rendered":"https:\/\/chateletdejayac.com\/miladiou\/?p=59"},"modified":"2024-11-15T17:00:55","modified_gmt":"2024-11-15T16:00:55","slug":"lanel-daur-un-conte-de-joan-bodon","status":"publish","type":"post","link":"https:\/\/chateletdejayac.com\/jaiacs\/2015\/01\/06\/lanel-daur-un-conte-de-joan-bodon\/","title":{"rendered":"L&#039;an\u00e8l d&#039;aur (un conte de Joan Bodon)"},"content":{"rendered":"\n<p>Publi\u00e9 : 2008-12-07<\/p>\n\n\n\n<hr class=\"wp-block-separator has-alpha-channel-opacity\"\/>\n\n\n\n<figure class=\"wp-block-audio\"><audio controls src=\"https:\/\/chateletdejayac.com\/jaiacs\/wp-content\/uploads\/sites\/8\/2015\/01\/l_anel_d_aur_1.mp3\"><\/audio><\/figure>\n\n\n\n<figure class=\"wp-block-audio\"><audio controls src=\"https:\/\/chateletdejayac.com\/jaiacs\/wp-content\/uploads\/sites\/8\/2015\/01\/l_anel_d_aur_joan_bodon.mp3\"><\/audio><\/figure>\n\n\n\n<p><br><strong><span style=\"text-decoration: underline;\">1.escriure la debuta del conte :<\/span><\/strong><\/p>\n\n\n\n<p>Un c\u00f2p i avi\u00e1, dins los s\u00e8gles passats, un rei vielh e savi que governava tot lo pais d&#8217;aic\u00ed ; lo sonava lo Grand Ric, mas cap de libres d&#8217;istori\u00e0 pas servat de son nom ; avi\u00e1 tres dr\u00f2lles que se s&#8217;apelavan Almaric, Malric e Belric.<\/p>\n\n\n\n<p>Los dos prumi\u00e8rs se revertavan, eran marits per lo paur monde, malmenavan las femnas e las filhas e mespresavan lo saver ; lo darri\u00e8r, que lo rei aimava, passava son temps a estudiar las leis e los libres d&#8217;un c\u00f2p \u00e9ra ; cada c\u00f2p que surtissi\u00e1 dins la vila, donava tot c\u00f2 que portava per secourir los aganits.<\/p>\n\n\n\n<p>Un jorn, lo rei Grand Ric se sieg\u00e8t sur la cadi\u00e8ra bel\u00e0 e mandet que son filhs paregu\u00e8ssen davant el ; pu\u00e8i, lor parl\u00e8t aital : \u201cara, vesi que los ans me tiran ; me caldra l\u00e8u anar ont anan tots los vielhs, mas avant me cal causir lo que de vostres ser\u00e0 rei \u201c.<\/p>\n\n\n\n<p><strong><span style=\"text-decoration: underline;\"><br>2) trobar las exprecions<\/span><\/strong><\/p>\n\n\n\n<p>r\u00e9f : http:\/\/cercle-occitan.chez-alice.fr\/tableaux\/octaexpressions.html<\/p>\n\n\n\n<p>morir \/ fumar un fenoulh \/ n&#8217;es a son darri\u00e8r<br>qu\u00f2 es un&#8217;autre parelhs de manchas \/ es pas una palha<br>viure d&#8217;air e d&#8217;aiga fresca \/ ganha pas l&#8217;aiga que beu<br>s&#8217;aisinar<br>prener sa aisinas<br>s&#8217;avoar vencut<br>fa etzu !<br>pescar la petita bestia \/ trobar dels pials als uos<br>\u00e8sser riche<br>far veire a qualqu&#8217;un de quel bosc se calfa<br>venir fada \/ batre de l&#8217;antissa<br>far cantar quauqu&#8217;un<br>qu\u00f2 ne me fa pas r\u00e8s<br>perdis pas r\u00e8s per attendre \/ vau te parlar del pais<br>s&#8217;en anar<br>av\u00e8r un cur de peira<br>\u00e8 franc coma un age que retiula \/ quora s&#8217;en va, n&#8217;en diri\u00e1 que s&#8217;en t\u00f2rna<br>traina grola<br>eschivar los cors<br>te lo mandarai pas dire<\/p>\n","protected":false},"excerpt":{"rendered":"<p>Publi\u00e9 : 2008-12-07 1.escriure la debuta del conte : Un c\u00f2p i avi\u00e1, dins los s\u00e8gles passats, un rei vielh e savi que governava tot lo pais d&#8217;aic\u00ed ; lo sonava lo Grand Ric, mas cap de libres d&#8217;istori\u00e0 pas servat de son nom ; avi\u00e1 tres dr\u00f2lles que se s&#8217;apelavan Almaric, Malric e Belric. [&hellip;]<\/p>\n","protected":false},"author":1,"featured_media":0,"comment_status":"closed","ping_status":"open","sticky":false,"template":"","format":"aside","meta":{"footnotes":""},"categories":[2,4],"tags":[],"class_list":["post-59","post","type-post","status-publish","format-aside","hentry","category-podcast","category-text","post_format-post-format-aside"],"_links":{"self":[{"href":"https:\/\/chateletdejayac.com\/jaiacs\/wp-json\/wp\/v2\/posts\/59","targetHints":{"allow":["GET"]}}],"collection":[{"href":"https:\/\/chateletdejayac.com\/jaiacs\/wp-json\/wp\/v2\/posts"}],"about":[{"href":"https:\/\/chateletdejayac.com\/jaiacs\/wp-json\/wp\/v2\/types\/post"}],"author":[{"embeddable":true,"href":"https:\/\/chateletdejayac.com\/jaiacs\/wp-json\/wp\/v2\/users\/1"}],"replies":[{"embeddable":true,"href":"https:\/\/chateletdejayac.com\/jaiacs\/wp-json\/wp\/v2\/comments?post=59"}],"version-history":[{"count":1,"href":"https:\/\/chateletdejayac.com\/jaiacs\/wp-json\/wp\/v2\/posts\/59\/revisions"}],"predecessor-version":[{"id":136,"href":"https:\/\/chateletdejayac.com\/jaiacs\/wp-json\/wp\/v2\/posts\/59\/revisions\/136"}],"wp:attachment":[{"href":"https:\/\/chateletdejayac.com\/jaiacs\/wp-json\/wp\/v2\/media?parent=59"}],"wp:term":[{"taxonomy":"category","embeddable":true,"href":"https:\/\/chateletdejayac.com\/jaiacs\/wp-json\/wp\/v2\/categories?post=59"},{"taxonomy":"post_tag","embeddable":true,"href":"https:\/\/chateletdejayac.com\/jaiacs\/wp-json\/wp\/v2\/tags?post=59"}],"curies":[{"name":"wp","href":"https:\/\/api.w.org\/{rel}","templated":true}]}}