{"id":48,"date":"2015-01-06T09:56:29","date_gmt":"2015-01-06T08:56:29","guid":{"rendered":"https:\/\/chateletdejayac.com\/miladiou\/?p=48"},"modified":"2024-11-15T17:03:17","modified_gmt":"2024-11-15T16:03:17","slug":"lo-pepe-bicicleta","status":"publish","type":"post","link":"https:\/\/chateletdejayac.com\/jaiacs\/2015\/01\/06\/lo-pepe-bicicleta\/","title":{"rendered":"Lo p\u00e9p\u00e9 a bicicleta"},"content":{"rendered":"\n<p>Publi\u00e9 : 2008-12-07<\/p>\n\n\n\n<hr class=\"wp-block-separator has-alpha-channel-opacity\"\/>\n\n\n\n<figure class=\"wp-block-audio\"><audio controls src=\"https:\/\/chateletdejayac.com\/jaiacs\/wp-content\/uploads\/sites\/8\/2015\/01\/lo_-pepe_a_bicicleta.mp3\"><\/audio><\/figure>\n\n\n\n<p>Lo Pepe de Jayac racontava q&#8217;un c\u00f2p, volgu\u00e8t anar a la v\u00f2ta a Nadalhac en bicicleta.<\/p>\n\n\n\n<p>Sus lo camin, pod\u00e8t pas se figurar coma, mas fagu\u00e8t un brave cr\u00f2c a sa culota, que li vesi\u00e1 tot lo tiol&#8230;<\/p>\n\n\n\n<p>E \u00e8ra un pauc lunh de Jayac, mas voli\u00e1 li anar a la v\u00f2ta, e benl\u00e8u ben que n&#8217;en avi\u00e1 pas un autra de culota a la maison per se canjar !<\/p>\n\n\n\n<p>&#8220;per mon arma&#8221;, \u00e7o-ditz, &#8220;e que far aura ?&#8221;<\/p>\n\n\n\n<p>Enfin, trob\u00e8t un biais : prengu\u00e8t lo cable del fren de la bicicleta, rapetac\u00e8t sa culota coma pod\u00e8t e contunh\u00e8t son camin aital.<\/p>\n","protected":false},"excerpt":{"rendered":"<p>Publi\u00e9 : 2008-12-07 Lo Pepe de Jayac racontava q&#8217;un c\u00f2p, volgu\u00e8t anar a la v\u00f2ta a Nadalhac en bicicleta. Sus lo camin, pod\u00e8t pas se figurar coma, mas fagu\u00e8t un brave cr\u00f2c a sa culota, que li vesi\u00e1 tot lo tiol&#8230; E \u00e8ra un pauc lunh de Jayac, mas voli\u00e1 li anar a la v\u00f2ta, [&hellip;]<\/p>\n","protected":false},"author":1,"featured_media":0,"comment_status":"closed","ping_status":"open","sticky":false,"template":"","format":"audio","meta":{"footnotes":""},"categories":[2,4],"tags":[],"class_list":["post-48","post","type-post","status-publish","format-audio","hentry","category-podcast","category-text","post_format-post-format-audio"],"_links":{"self":[{"href":"https:\/\/chateletdejayac.com\/jaiacs\/wp-json\/wp\/v2\/posts\/48","targetHints":{"allow":["GET"]}}],"collection":[{"href":"https:\/\/chateletdejayac.com\/jaiacs\/wp-json\/wp\/v2\/posts"}],"about":[{"href":"https:\/\/chateletdejayac.com\/jaiacs\/wp-json\/wp\/v2\/types\/post"}],"author":[{"embeddable":true,"href":"https:\/\/chateletdejayac.com\/jaiacs\/wp-json\/wp\/v2\/users\/1"}],"replies":[{"embeddable":true,"href":"https:\/\/chateletdejayac.com\/jaiacs\/wp-json\/wp\/v2\/comments?post=48"}],"version-history":[{"count":1,"href":"https:\/\/chateletdejayac.com\/jaiacs\/wp-json\/wp\/v2\/posts\/48\/revisions"}],"predecessor-version":[{"id":141,"href":"https:\/\/chateletdejayac.com\/jaiacs\/wp-json\/wp\/v2\/posts\/48\/revisions\/141"}],"wp:attachment":[{"href":"https:\/\/chateletdejayac.com\/jaiacs\/wp-json\/wp\/v2\/media?parent=48"}],"wp:term":[{"taxonomy":"category","embeddable":true,"href":"https:\/\/chateletdejayac.com\/jaiacs\/wp-json\/wp\/v2\/categories?post=48"},{"taxonomy":"post_tag","embeddable":true,"href":"https:\/\/chateletdejayac.com\/jaiacs\/wp-json\/wp\/v2\/tags?post=48"}],"curies":[{"name":"wp","href":"https:\/\/api.w.org\/{rel}","templated":true}]}}